{"id":11526,"date":"2018-11-25T00:39:06","date_gmt":"2018-11-24T23:39:06","guid":{"rendered":"https:\/\/www.in-diem.com\/abogados\/uncategorized\/in-diem-attorneys-san-raimundo-de-penafort-award-winners-legal-excellence-top-lawyers"},"modified":"2018-11-25T00:39:06","modified_gmt":"2018-11-24T23:39:06","slug":"in-diem-attorneys-san-raimundo-de-penafort-award-winners-legal-excellence-top-lawyers","status":"publish","type":"post","link":"https:\/\/www.in-diem.com\/en\/abogados\/list-of-winners\/in-diem-attorneys-san-raimundo-de-penafort-award-winners-legal-excellence-top-lawyers","title":{"rendered":"IN DIEM Attorneys | San Raimundo de Pe\u00f1afort Award Winners | Legal Excellence | Top Lawyers"},"content":{"rendered":"<h2><span style=\"color: #000080;\"><strong><span style=\"font-family: arial;\"><span style=\"font-size: x-large;\">San Raimundo de Pe\u00f1afort Awards for Legal Excellence. IN DIEM Attorneys. <\/span><\/span><\/strong><\/span><\/h2>\n<p>On November 23, 2018, at the prestigious Westin Palace Hotel in Madrid, the Institute for Excellence held its <strong>2018 San Raimundo de Pe\u00f1afort Awards for Legal Excellence<\/strong> Gala, which brought together prominent figures from the national legal sector, whether in research, teaching, or professional practice.<\/p>\n<p>Saint Raymond of Pe\u00f1afort is the Patron Saint of jurists, Canon Law, lawyers, and Bar Associations. A cleric from Barcelona and a member of the Dominican religious order&#8230; he represents a benchmark for lawyers in our love for law as the legal science that allows for the construction of coexistence and a society based on principles of justice and equity. <\/p>\n<p>The <strong>2018 Gala<\/strong> recognized IN DIEM Attorneys for its team, mission, and values&#8230; as well as the dedication and excellence of its services, maximum quality, and efficiency, guided by the vocation of defending human rights and public liberties.<\/p>\n<p>The event also highlighted its national presence and its efforts to engage with society through offices not only in Madrid but also in Malaga, Seville, and Las Palmas de Gran Canaria.<\/p>\n<p><strong>IN DIEM Attorneys<\/strong> had the honor of receiving this <strong>2018 San Raimundo de Pe\u00f1afort Award for Legal Excellence<\/strong> and sharing an unforgettable evening with fellow lawyers and professionals from the sector across Spain.<\/p>\n<p>From these lines, we wish to thank the entire Team of the Institute for Excellence for their efforts to promote and foster quality services and continuous improvement for all companies in this country, and especially in this case, for the legal profession. Our special thanks go to Mr. Antonio Gabriel P\u00e9rez i Mateu and Ms. Mar\u00eda Jes\u00fas Barre\u00f1ada Mu\u00f1oz and their entire team for making this Gala an occasion for reflection and camaraderie with the aim of creating a better world. <\/p>\n<div class=\"gdlr-shortcode-wrapper\"><div class=\"clear\"><\/div><div class=\"gdlr-item gdlr-divider-item\"  ><div class=\"gdlr-divider solid\"  style=\"width: 50%;\" ><\/div><\/div><\/div>\n<div class=\"gdlr-shortcode-wrapper\"><div class=\"gdlr-gallery-item gdlr-item\" ><div class=\"gallery-column four columns\"><div class=\"gallery-item\"><a href=\"https:\/\/www.in-diem.com\/wp-content\/uploads\/2018\/11\/Premios-San-Raimundo-de-Pe\u00f1afor-Abogados-IN-DIEM-mejores-abogados-4c-1.jpg\" data-fancybox-group=\"gdlr-gal-1\" data-rel=\"fancybox\" ><img loading=\"lazy\" decoding=\"async\" src=\"https:\/\/www.in-diem.com\/wp-content\/uploads\/2018\/11\/Premios-San-Raimundo-de-Pe\u00f1afor-Abogados-IN-DIEM-mejores-abogados-4c-1-150x150.jpg\" alt=\"\" width=\"150\" height=\"150\" \/><\/a><span class=\"gallery-caption\"><\/span><\/div><\/div><div class=\"gallery-column four columns\"><div class=\"gallery-item\"><a href=\"https:\/\/www.in-diem.com\/wp-content\/uploads\/2018\/11\/Premios-San-Raimundo-de-Pe\u00f1afor-Abogados-IN-DIEM-mejores-abogados-03c.jpg\" data-fancybox-group=\"gdlr-gal-1\" data-rel=\"fancybox\" ><img loading=\"lazy\" decoding=\"async\" src=\"https:\/\/www.in-diem.com\/wp-content\/uploads\/2018\/11\/Premios-San-Raimundo-de-Pe\u00f1afor-Abogados-IN-DIEM-mejores-abogados-03c-150x150.jpg\" alt=\"\" width=\"150\" height=\"150\" \/><\/a><span class=\"gallery-caption\"><\/span><\/div><\/div><div class=\"gallery-column four columns\"><div class=\"gallery-item\"><a href=\"https:\/\/www.in-diem.com\/wp-content\/uploads\/2018\/11\/Excelencia-Juridica-2-Abogados-IN-DIEM-Mejores-Abogados.png\" data-fancybox-group=\"gdlr-gal-1\" data-rel=\"fancybox\" ><img loading=\"lazy\" decoding=\"async\" src=\"https:\/\/www.in-diem.com\/wp-content\/uploads\/2018\/11\/Excelencia-Juridica-2-Abogados-IN-DIEM-Mejores-Abogados-150x150.png\" alt=\"\" width=\"150\" height=\"150\" \/><\/a><span class=\"gallery-caption\"><\/span><\/div><\/div><div class=\"clear\"><\/div><\/div><\/div>\n<div class=\"gdlr-shortcode-wrapper\"><div class=\"clear\"><\/div><div class=\"gdlr-item gdlr-divider-item\"  ><div class=\"gdlr-divider solid\"  style=\"width: 50%;\" ><\/div><\/div><\/div>\n<p><span style=\"color: #000080;\"><strong><span style=\"font-family: arial;\"><span style=\"font-size: x-large;\">IN DIEM <\/span><\/span><\/strong><\/span><strong style=\"color: #000080; font-size: 16px;\"><span style=\"font-family: arial;\"><span style=\"font-size: x-large;\">Attorneys<\/span><\/span><\/strong><strong style=\"color: #000080; font-size: 16px;\"><span style=\"font-family: arial;\"><span style=\"font-size: x-large;\">. Our top lawyers: <\/span><\/span><\/strong><span style=\"color: #000080;\"><strong><span style=\"font-family: arial;\"><span style=\"font-size: x-large;\">Malaga, Seville, Madrid, Las Palmas GC, Almeria, Huelva&#8230;<\/span><\/span><\/strong><\/span><\/p>\n<p>Our goal is to provide accessible, top-quality services&#8230; legal services you can afford, with our best attorneys. That&#8217;s why our team is exceptional, comprised of professionals with prior experience as Magistrates, Judges, Prosecutors, and State Lawyers&#8230; offering you peace of mind and security. <\/p>\n<p>Currently, IN DIEM Attorneys has offices in Malaga, Seville, Madrid, Las Palmas de Gran Canaria, Almeria, and Huelva. We are at your disposal for whatever you need. You can reach us via the IN DIEM Attorneys Phone at (+34) <strong>901 900 071.<\/strong> For emergencies, you can contact us on the IN DIEM 24-Hour Emergency Attorneys Phone: (+34) <strong>610 667 452.<\/strong>  <\/p>\n","protected":false},"excerpt":{"rendered":"<p>San Raimundo de Pe\u00f1afort Awards for Legal Excellence. IN DIEM Attorneys. On November 23, 2018, at the prestigious Westin Palace Hotel in Madrid, the Institute for Excellence held its 2018 San Raimundo de Pe\u00f1afort Awards for Legal Excellence Gala, which brought together prominent figures from the national legal sector, whether in research, teaching, or professional&#8230; <\/p>\n<div class=\"clear\"><\/div>\n<p><a href=\"https:\/\/www.in-diem.com\/en\/abogados\/list-of-winners\/in-diem-attorneys-san-raimundo-de-penafort-award-winners-legal-excellence-top-lawyers\" class=\"excerpt-read-more\">Read More<\/a><\/p>\n","protected":false},"author":2,"featured_media":11527,"comment_status":"open","ping_status":"open","sticky":false,"template":"","format":"standard","meta":{"_joinchat":[],"footnotes":""},"categories":[1388,1274,1389],"tags":[],"class_list":["post-11526","post","type-post","status-publish","format-standard","has-post-thumbnail","hentry","category-award-winners","category-list-of-winners","category-top-lawyers"],"yoast_head":"<!-- This site is optimized with the Yoast SEO plugin v27.5 - https:\/\/yoast.com\/product\/yoast-seo-wordpress\/ -->\n<title>IN DIEM Attorneys | San Raimundo de Pe\u00f1afort Award Winners | Legal Excellence | Top Lawyers - In-Diem Abogados<\/title>\n<meta name=\"description\" content=\"IN DIEM Attorneys has been honored with the San Raimundo de Pe\u00f1afort Awards for Legal Excellence, ranking among Spain&#039;s top lawyers. We are located in: Seville, Malaga, Madrid, Las Palmas, Almeria...\" \/>\n<meta name=\"robots\" content=\"index, follow, max-snippet:-1, max-image-preview:large, max-video-preview:-1\" \/>\n<link rel=\"canonical\" href=\"https:\/\/www.in-diem.com\/en\/abogados\/list-of-winners\/in-diem-attorneys-san-raimundo-de-penafort-award-winners-legal-excellence-top-lawyers\" \/>\n<meta property=\"og:locale\" content=\"en_US\" \/>\n<meta property=\"og:type\" content=\"article\" \/>\n<meta property=\"og:title\" content=\"IN DIEM Attorneys | San Raimundo de Pe\u00f1afort Award Winners | Legal Excellence | Top Lawyers - In-Diem Abogados\" \/>\n<meta property=\"og:description\" content=\"IN DIEM Attorneys has been honored with the San Raimundo de Pe\u00f1afort Awards for Legal Excellence, ranking among Spain&#039;s top lawyers. We are located in: Seville, Malaga, Madrid, Las Palmas, Almeria...\" \/>\n<meta property=\"og:url\" content=\"https:\/\/www.in-diem.com\/en\/abogados\/list-of-winners\/in-diem-attorneys-san-raimundo-de-penafort-award-winners-legal-excellence-top-lawyers\" \/>\n<meta property=\"og:site_name\" content=\"In-Diem Abogados\" \/>\n<meta property=\"article:publisher\" content=\"https:\/\/es-es.facebook.com\/indiemabogados\/\" \/>\n<meta property=\"article:published_time\" content=\"2018-11-24T23:39:06+00:00\" \/>\n<meta property=\"og:image\" content=\"https:\/\/www.in-diem.com\/wp-content\/uploads\/2018\/11\/Premios-San-Raimundo-de-Pe\u00f1afor-Abogados-IN-DIEM-mejores-abogados-02bis.jpg\" \/>\n\t<meta property=\"og:image:width\" content=\"1915\" \/>\n\t<meta property=\"og:image:height\" content=\"1080\" \/>\n\t<meta property=\"og:image:type\" content=\"image\/jpeg\" \/>\n<meta name=\"author\" content=\"\u00c1ngel Jos\u00e9 Del Pino Ib\u00e1\u00f1ez\" \/>\n<meta name=\"twitter:card\" content=\"summary_large_image\" \/>\n<meta name=\"twitter:creator\" content=\"@indiemabogados\" \/>\n<meta name=\"twitter:site\" content=\"@indiemabogados\" \/>\n<meta name=\"twitter:label1\" content=\"Written by\" \/>\n\t<meta name=\"twitter:data1\" content=\"\u00c1ngel Jos\u00e9 Del Pino Ib\u00e1\u00f1ez\" \/>\n\t<meta name=\"twitter:label2\" content=\"Est. reading time\" \/>\n\t<meta name=\"twitter:data2\" content=\"2 minutes\" \/>\n<script type=\"application\/ld+json\" class=\"yoast-schema-graph\">{\"@context\":\"https:\\\/\\\/schema.org\",\"@graph\":[{\"@type\":\"Article\",\"@id\":\"https:\\\/\\\/www.in-diem.com\\\/en\\\/abogados\\\/list-of-winners\\\/in-diem-attorneys-san-raimundo-de-penafort-award-winners-legal-excellence-top-lawyers#article\",\"isPartOf\":{\"@id\":\"https:\\\/\\\/www.in-diem.com\\\/en\\\/abogados\\\/list-of-winners\\\/in-diem-attorneys-san-raimundo-de-penafort-award-winners-legal-excellence-top-lawyers\"},\"author\":{\"name\":\"\u00c1ngel Jos\u00e9 Del Pino Ib\u00e1\u00f1ez\",\"@id\":\"https:\\\/\\\/www.in-diem.com\\\/en#\\\/schema\\\/person\\\/d94228c84f957e42d459555b353f15ff\"},\"headline\":\"IN DIEM Attorneys | San Raimundo de Pe\u00f1afort Award Winners | Legal Excellence | Top Lawyers\",\"datePublished\":\"2018-11-24T23:39:06+00:00\",\"mainEntityOfPage\":{\"@id\":\"https:\\\/\\\/www.in-diem.com\\\/en\\\/abogados\\\/list-of-winners\\\/in-diem-attorneys-san-raimundo-de-penafort-award-winners-legal-excellence-top-lawyers\"},\"wordCount\":443,\"commentCount\":0,\"publisher\":{\"@id\":\"https:\\\/\\\/www.in-diem.com\\\/en#organization\"},\"image\":{\"@id\":\"https:\\\/\\\/www.in-diem.com\\\/en\\\/abogados\\\/list-of-winners\\\/in-diem-attorneys-san-raimundo-de-penafort-award-winners-legal-excellence-top-lawyers#primaryimage\"},\"thumbnailUrl\":\"https:\\\/\\\/www.in-diem.com\\\/wp-content\\\/uploads\\\/2018\\\/11\\\/Premios-San-Raimundo-de-Pe\u00f1afor-Abogados-IN-DIEM-mejores-abogados-02bis.jpg\",\"articleSection\":[\"Award Winners\",\"list of winners\",\"Top Lawyers\"],\"inLanguage\":\"en-US\",\"potentialAction\":[{\"@type\":\"CommentAction\",\"name\":\"Comment\",\"target\":[\"https:\\\/\\\/www.in-diem.com\\\/en\\\/abogados\\\/list-of-winners\\\/in-diem-attorneys-san-raimundo-de-penafort-award-winners-legal-excellence-top-lawyers#respond\"]}]},{\"@type\":\"WebPage\",\"@id\":\"https:\\\/\\\/www.in-diem.com\\\/en\\\/abogados\\\/list-of-winners\\\/in-diem-attorneys-san-raimundo-de-penafort-award-winners-legal-excellence-top-lawyers\",\"url\":\"https:\\\/\\\/www.in-diem.com\\\/en\\\/abogados\\\/list-of-winners\\\/in-diem-attorneys-san-raimundo-de-penafort-award-winners-legal-excellence-top-lawyers\",\"name\":\"IN DIEM Attorneys | San Raimundo de Pe\u00f1afort Award Winners | Legal Excellence | Top Lawyers - In-Diem Abogados\",\"isPartOf\":{\"@id\":\"https:\\\/\\\/www.in-diem.com\\\/en#website\"},\"primaryImageOfPage\":{\"@id\":\"https:\\\/\\\/www.in-diem.com\\\/en\\\/abogados\\\/list-of-winners\\\/in-diem-attorneys-san-raimundo-de-penafort-award-winners-legal-excellence-top-lawyers#primaryimage\"},\"image\":{\"@id\":\"https:\\\/\\\/www.in-diem.com\\\/en\\\/abogados\\\/list-of-winners\\\/in-diem-attorneys-san-raimundo-de-penafort-award-winners-legal-excellence-top-lawyers#primaryimage\"},\"thumbnailUrl\":\"https:\\\/\\\/www.in-diem.com\\\/wp-content\\\/uploads\\\/2018\\\/11\\\/Premios-San-Raimundo-de-Pe\u00f1afor-Abogados-IN-DIEM-mejores-abogados-02bis.jpg\",\"datePublished\":\"2018-11-24T23:39:06+00:00\",\"description\":\"IN DIEM Attorneys has been honored with the San Raimundo de Pe\u00f1afort Awards for Legal Excellence, ranking among Spain's top lawyers. We are located in: Seville, Malaga, Madrid, Las Palmas, Almeria...\",\"breadcrumb\":{\"@id\":\"https:\\\/\\\/www.in-diem.com\\\/en\\\/abogados\\\/list-of-winners\\\/in-diem-attorneys-san-raimundo-de-penafort-award-winners-legal-excellence-top-lawyers#breadcrumb\"},\"inLanguage\":\"en-US\",\"potentialAction\":[{\"@type\":\"ReadAction\",\"target\":[\"https:\\\/\\\/www.in-diem.com\\\/en\\\/abogados\\\/list-of-winners\\\/in-diem-attorneys-san-raimundo-de-penafort-award-winners-legal-excellence-top-lawyers\"]}]},{\"@type\":\"ImageObject\",\"inLanguage\":\"en-US\",\"@id\":\"https:\\\/\\\/www.in-diem.com\\\/en\\\/abogados\\\/list-of-winners\\\/in-diem-attorneys-san-raimundo-de-penafort-award-winners-legal-excellence-top-lawyers#primaryimage\",\"url\":\"https:\\\/\\\/www.in-diem.com\\\/wp-content\\\/uploads\\\/2018\\\/11\\\/Premios-San-Raimundo-de-Pe\u00f1afor-Abogados-IN-DIEM-mejores-abogados-02bis.jpg\",\"contentUrl\":\"https:\\\/\\\/www.in-diem.com\\\/wp-content\\\/uploads\\\/2018\\\/11\\\/Premios-San-Raimundo-de-Pe\u00f1afor-Abogados-IN-DIEM-mejores-abogados-02bis.jpg\",\"width\":1915,\"height\":1080},{\"@type\":\"BreadcrumbList\",\"@id\":\"https:\\\/\\\/www.in-diem.com\\\/en\\\/abogados\\\/list-of-winners\\\/in-diem-attorneys-san-raimundo-de-penafort-award-winners-legal-excellence-top-lawyers#breadcrumb\",\"itemListElement\":[{\"@type\":\"ListItem\",\"position\":1,\"name\":\"Portada\",\"item\":\"https:\\\/\\\/www.in-diem.com\\\/en\"},{\"@type\":\"ListItem\",\"position\":2,\"name\":\"IN DIEM Attorneys | San Raimundo de Pe\u00f1afort Award Winners | Legal Excellence | Top Lawyers\"}]},{\"@type\":\"WebSite\",\"@id\":\"https:\\\/\\\/www.in-diem.com\\\/en#website\",\"url\":\"https:\\\/\\\/www.in-diem.com\\\/en\",\"name\":\"In-Diem Abogados\",\"description\":\"Experiencia +\",\"publisher\":{\"@id\":\"https:\\\/\\\/www.in-diem.com\\\/en#organization\"},\"potentialAction\":[{\"@type\":\"SearchAction\",\"target\":{\"@type\":\"EntryPoint\",\"urlTemplate\":\"https:\\\/\\\/www.in-diem.com\\\/en?s={search_term_string}\"},\"query-input\":{\"@type\":\"PropertyValueSpecification\",\"valueRequired\":true,\"valueName\":\"search_term_string\"}}],\"inLanguage\":\"en-US\"},{\"@type\":\"Organization\",\"@id\":\"https:\\\/\\\/www.in-diem.com\\\/en#organization\",\"name\":\"In Diem Abogados\",\"url\":\"https:\\\/\\\/www.in-diem.com\\\/en\",\"logo\":{\"@type\":\"ImageObject\",\"inLanguage\":\"en-US\",\"@id\":\"https:\\\/\\\/www.in-diem.com\\\/en#\\\/schema\\\/logo\\\/image\\\/\",\"url\":\"https:\\\/\\\/www.in-diem.com\\\/wp-content\\\/uploads\\\/2014\\\/03\\\/copy-logo-in-diem-header.jpg\",\"contentUrl\":\"https:\\\/\\\/www.in-diem.com\\\/wp-content\\\/uploads\\\/2014\\\/03\\\/copy-logo-in-diem-header.jpg\",\"width\":154,\"height\":50,\"caption\":\"In Diem Abogados\"},\"image\":{\"@id\":\"https:\\\/\\\/www.in-diem.com\\\/en#\\\/schema\\\/logo\\\/image\\\/\"},\"sameAs\":[\"https:\\\/\\\/es-es.facebook.com\\\/indiemabogados\\\/\",\"https:\\\/\\\/x.com\\\/indiemabogados\",\"https:\\\/\\\/es.linkedin.com\\\/company\\\/in-diem-abogados\"]},{\"@type\":\"Person\",\"@id\":\"https:\\\/\\\/www.in-diem.com\\\/en#\\\/schema\\\/person\\\/d94228c84f957e42d459555b353f15ff\",\"name\":\"\u00c1ngel Jos\u00e9 Del Pino Ib\u00e1\u00f1ez\",\"image\":{\"@type\":\"ImageObject\",\"inLanguage\":\"en-US\",\"@id\":\"https:\\\/\\\/secure.gravatar.com\\\/avatar\\\/57609d73bb7c4e77e6183ecaf26e77579c2cb2dfd52355c39a900c2ff6448f6a?s=96&d=mm&r=g\",\"url\":\"https:\\\/\\\/secure.gravatar.com\\\/avatar\\\/57609d73bb7c4e77e6183ecaf26e77579c2cb2dfd52355c39a900c2ff6448f6a?s=96&d=mm&r=g\",\"contentUrl\":\"https:\\\/\\\/secure.gravatar.com\\\/avatar\\\/57609d73bb7c4e77e6183ecaf26e77579c2cb2dfd52355c39a900c2ff6448f6a?s=96&d=mm&r=g\",\"caption\":\"\u00c1ngel Jos\u00e9 Del Pino Ib\u00e1\u00f1ez\"},\"url\":\"https:\\\/\\\/www.in-diem.com\\\/en\\\/abogados\\\/author\\\/ajdelpino16\"}]}<\/script>\n<!-- \/ Yoast SEO plugin. -->","yoast_head_json":{"title":"IN DIEM Attorneys | San Raimundo de Pe\u00f1afort Award Winners | Legal Excellence | Top Lawyers - In-Diem Abogados","description":"IN DIEM Attorneys has been honored with the San Raimundo de Pe\u00f1afort Awards for Legal Excellence, ranking among Spain's top lawyers. We are located in: Seville, Malaga, Madrid, Las Palmas, Almeria...","robots":{"index":"index","follow":"follow","max-snippet":"max-snippet:-1","max-image-preview":"max-image-preview:large","max-video-preview":"max-video-preview:-1"},"canonical":"https:\/\/www.in-diem.com\/en\/abogados\/list-of-winners\/in-diem-attorneys-san-raimundo-de-penafort-award-winners-legal-excellence-top-lawyers","og_locale":"en_US","og_type":"article","og_title":"IN DIEM Attorneys | San Raimundo de Pe\u00f1afort Award Winners | Legal Excellence | Top Lawyers - In-Diem Abogados","og_description":"IN DIEM Attorneys has been honored with the San Raimundo de Pe\u00f1afort Awards for Legal Excellence, ranking among Spain's top lawyers. We are located in: Seville, Malaga, Madrid, Las Palmas, Almeria...","og_url":"https:\/\/www.in-diem.com\/en\/abogados\/list-of-winners\/in-diem-attorneys-san-raimundo-de-penafort-award-winners-legal-excellence-top-lawyers","og_site_name":"In-Diem Abogados","article_publisher":"https:\/\/es-es.facebook.com\/indiemabogados\/","article_published_time":"2018-11-24T23:39:06+00:00","og_image":[{"width":1915,"height":1080,"url":"https:\/\/www.in-diem.com\/wp-content\/uploads\/2018\/11\/Premios-San-Raimundo-de-Pe\u00f1afor-Abogados-IN-DIEM-mejores-abogados-02bis.jpg","type":"image\/jpeg"}],"author":"\u00c1ngel Jos\u00e9 Del Pino Ib\u00e1\u00f1ez","twitter_card":"summary_large_image","twitter_creator":"@indiemabogados","twitter_site":"@indiemabogados","twitter_misc":{"Written by":"\u00c1ngel Jos\u00e9 Del Pino Ib\u00e1\u00f1ez","Est. reading time":"2 minutes"},"schema":{"@context":"https:\/\/schema.org","@graph":[{"@type":"Article","@id":"https:\/\/www.in-diem.com\/en\/abogados\/list-of-winners\/in-diem-attorneys-san-raimundo-de-penafort-award-winners-legal-excellence-top-lawyers#article","isPartOf":{"@id":"https:\/\/www.in-diem.com\/en\/abogados\/list-of-winners\/in-diem-attorneys-san-raimundo-de-penafort-award-winners-legal-excellence-top-lawyers"},"author":{"name":"\u00c1ngel Jos\u00e9 Del Pino Ib\u00e1\u00f1ez","@id":"https:\/\/www.in-diem.com\/en#\/schema\/person\/d94228c84f957e42d459555b353f15ff"},"headline":"IN DIEM Attorneys | San Raimundo de Pe\u00f1afort Award Winners | Legal Excellence | Top Lawyers","datePublished":"2018-11-24T23:39:06+00:00","mainEntityOfPage":{"@id":"https:\/\/www.in-diem.com\/en\/abogados\/list-of-winners\/in-diem-attorneys-san-raimundo-de-penafort-award-winners-legal-excellence-top-lawyers"},"wordCount":443,"commentCount":0,"publisher":{"@id":"https:\/\/www.in-diem.com\/en#organization"},"image":{"@id":"https:\/\/www.in-diem.com\/en\/abogados\/list-of-winners\/in-diem-attorneys-san-raimundo-de-penafort-award-winners-legal-excellence-top-lawyers#primaryimage"},"thumbnailUrl":"https:\/\/www.in-diem.com\/wp-content\/uploads\/2018\/11\/Premios-San-Raimundo-de-Pe\u00f1afor-Abogados-IN-DIEM-mejores-abogados-02bis.jpg","articleSection":["Award Winners","list of winners","Top Lawyers"],"inLanguage":"en-US","potentialAction":[{"@type":"CommentAction","name":"Comment","target":["https:\/\/www.in-diem.com\/en\/abogados\/list-of-winners\/in-diem-attorneys-san-raimundo-de-penafort-award-winners-legal-excellence-top-lawyers#respond"]}]},{"@type":"WebPage","@id":"https:\/\/www.in-diem.com\/en\/abogados\/list-of-winners\/in-diem-attorneys-san-raimundo-de-penafort-award-winners-legal-excellence-top-lawyers","url":"https:\/\/www.in-diem.com\/en\/abogados\/list-of-winners\/in-diem-attorneys-san-raimundo-de-penafort-award-winners-legal-excellence-top-lawyers","name":"IN DIEM Attorneys | San Raimundo de Pe\u00f1afort Award Winners | Legal Excellence | Top Lawyers - In-Diem Abogados","isPartOf":{"@id":"https:\/\/www.in-diem.com\/en#website"},"primaryImageOfPage":{"@id":"https:\/\/www.in-diem.com\/en\/abogados\/list-of-winners\/in-diem-attorneys-san-raimundo-de-penafort-award-winners-legal-excellence-top-lawyers#primaryimage"},"image":{"@id":"https:\/\/www.in-diem.com\/en\/abogados\/list-of-winners\/in-diem-attorneys-san-raimundo-de-penafort-award-winners-legal-excellence-top-lawyers#primaryimage"},"thumbnailUrl":"https:\/\/www.in-diem.com\/wp-content\/uploads\/2018\/11\/Premios-San-Raimundo-de-Pe\u00f1afor-Abogados-IN-DIEM-mejores-abogados-02bis.jpg","datePublished":"2018-11-24T23:39:06+00:00","description":"IN DIEM Attorneys has been honored with the San Raimundo de Pe\u00f1afort Awards for Legal Excellence, ranking among Spain's top lawyers. We are located in: Seville, Malaga, Madrid, Las Palmas, Almeria...","breadcrumb":{"@id":"https:\/\/www.in-diem.com\/en\/abogados\/list-of-winners\/in-diem-attorneys-san-raimundo-de-penafort-award-winners-legal-excellence-top-lawyers#breadcrumb"},"inLanguage":"en-US","potentialAction":[{"@type":"ReadAction","target":["https:\/\/www.in-diem.com\/en\/abogados\/list-of-winners\/in-diem-attorneys-san-raimundo-de-penafort-award-winners-legal-excellence-top-lawyers"]}]},{"@type":"ImageObject","inLanguage":"en-US","@id":"https:\/\/www.in-diem.com\/en\/abogados\/list-of-winners\/in-diem-attorneys-san-raimundo-de-penafort-award-winners-legal-excellence-top-lawyers#primaryimage","url":"https:\/\/www.in-diem.com\/wp-content\/uploads\/2018\/11\/Premios-San-Raimundo-de-Pe\u00f1afor-Abogados-IN-DIEM-mejores-abogados-02bis.jpg","contentUrl":"https:\/\/www.in-diem.com\/wp-content\/uploads\/2018\/11\/Premios-San-Raimundo-de-Pe\u00f1afor-Abogados-IN-DIEM-mejores-abogados-02bis.jpg","width":1915,"height":1080},{"@type":"BreadcrumbList","@id":"https:\/\/www.in-diem.com\/en\/abogados\/list-of-winners\/in-diem-attorneys-san-raimundo-de-penafort-award-winners-legal-excellence-top-lawyers#breadcrumb","itemListElement":[{"@type":"ListItem","position":1,"name":"Portada","item":"https:\/\/www.in-diem.com\/en"},{"@type":"ListItem","position":2,"name":"IN DIEM Attorneys | San Raimundo de Pe\u00f1afort Award Winners | Legal Excellence | Top Lawyers"}]},{"@type":"WebSite","@id":"https:\/\/www.in-diem.com\/en#website","url":"https:\/\/www.in-diem.com\/en","name":"In-Diem Abogados","description":"Experiencia +","publisher":{"@id":"https:\/\/www.in-diem.com\/en#organization"},"potentialAction":[{"@type":"SearchAction","target":{"@type":"EntryPoint","urlTemplate":"https:\/\/www.in-diem.com\/en?s={search_term_string}"},"query-input":{"@type":"PropertyValueSpecification","valueRequired":true,"valueName":"search_term_string"}}],"inLanguage":"en-US"},{"@type":"Organization","@id":"https:\/\/www.in-diem.com\/en#organization","name":"In Diem Abogados","url":"https:\/\/www.in-diem.com\/en","logo":{"@type":"ImageObject","inLanguage":"en-US","@id":"https:\/\/www.in-diem.com\/en#\/schema\/logo\/image\/","url":"https:\/\/www.in-diem.com\/wp-content\/uploads\/2014\/03\/copy-logo-in-diem-header.jpg","contentUrl":"https:\/\/www.in-diem.com\/wp-content\/uploads\/2014\/03\/copy-logo-in-diem-header.jpg","width":154,"height":50,"caption":"In Diem Abogados"},"image":{"@id":"https:\/\/www.in-diem.com\/en#\/schema\/logo\/image\/"},"sameAs":["https:\/\/es-es.facebook.com\/indiemabogados\/","https:\/\/x.com\/indiemabogados","https:\/\/es.linkedin.com\/company\/in-diem-abogados"]},{"@type":"Person","@id":"https:\/\/www.in-diem.com\/en#\/schema\/person\/d94228c84f957e42d459555b353f15ff","name":"\u00c1ngel Jos\u00e9 Del Pino Ib\u00e1\u00f1ez","image":{"@type":"ImageObject","inLanguage":"en-US","@id":"https:\/\/secure.gravatar.com\/avatar\/57609d73bb7c4e77e6183ecaf26e77579c2cb2dfd52355c39a900c2ff6448f6a?s=96&d=mm&r=g","url":"https:\/\/secure.gravatar.com\/avatar\/57609d73bb7c4e77e6183ecaf26e77579c2cb2dfd52355c39a900c2ff6448f6a?s=96&d=mm&r=g","contentUrl":"https:\/\/secure.gravatar.com\/avatar\/57609d73bb7c4e77e6183ecaf26e77579c2cb2dfd52355c39a900c2ff6448f6a?s=96&d=mm&r=g","caption":"\u00c1ngel Jos\u00e9 Del Pino Ib\u00e1\u00f1ez"},"url":"https:\/\/www.in-diem.com\/en\/abogados\/author\/ajdelpino16"}]}},"_links":{"self":[{"href":"https:\/\/www.in-diem.com\/en\/wp-json\/wp\/v2\/posts\/11526","targetHints":{"allow":["GET"]}}],"collection":[{"href":"https:\/\/www.in-diem.com\/en\/wp-json\/wp\/v2\/posts"}],"about":[{"href":"https:\/\/www.in-diem.com\/en\/wp-json\/wp\/v2\/types\/post"}],"author":[{"embeddable":true,"href":"https:\/\/www.in-diem.com\/en\/wp-json\/wp\/v2\/users\/2"}],"replies":[{"embeddable":true,"href":"https:\/\/www.in-diem.com\/en\/wp-json\/wp\/v2\/comments?post=11526"}],"version-history":[{"count":0,"href":"https:\/\/www.in-diem.com\/en\/wp-json\/wp\/v2\/posts\/11526\/revisions"}],"wp:featuredmedia":[{"embeddable":true,"href":"https:\/\/www.in-diem.com\/en\/wp-json\/wp\/v2\/media\/11527"}],"wp:attachment":[{"href":"https:\/\/www.in-diem.com\/en\/wp-json\/wp\/v2\/media?parent=11526"}],"wp:term":[{"taxonomy":"category","embeddable":true,"href":"https:\/\/www.in-diem.com\/en\/wp-json\/wp\/v2\/categories?post=11526"},{"taxonomy":"post_tag","embeddable":true,"href":"https:\/\/www.in-diem.com\/en\/wp-json\/wp\/v2\/tags?post=11526"}],"curies":[{"name":"wp","href":"https:\/\/api.w.org\/{rel}","templated":true}]}}